{"id":24709,"date":"2026-09-02T13:30:22","date_gmt":"2026-09-02T13:30:22","guid":{"rendered":"https:\/\/arquicali.org\/new\/?p=24709"},"modified":"2026-09-03T13:49:33","modified_gmt":"2026-09-03T13:49:33","slug":"el-papa-insta-a-desenmascarar-las-contradicciones-del-mundo-contemporaneo","status":"publish","type":"post","link":"https:\/\/arquicali.org\/new\/index.php\/2026\/09\/02\/el-papa-insta-a-desenmascarar-las-contradicciones-del-mundo-contemporaneo\/","title":{"rendered":"El Papa insta a desenmascarar las contradicciones del mundo contempor\u00e1neo"},"content":{"rendered":"\t\t<div data-elementor-type=\"wp-post\" data-elementor-id=\"24709\" class=\"elementor elementor-24709\">\n\t\t\t\t<div class=\"elementor-element elementor-element-20a6dcf e-flex e-con-boxed e-con e-parent\" data-id=\"20a6dcf\" data-element_type=\"container\" data-e-type=\"container\">\n\t\t\t\t\t<div class=\"e-con-inner\">\n\t\t\t\t<div class=\"elementor-element elementor-element-5680a49 elementor-widget elementor-widget-text-editor\" data-id=\"5680a49\" data-element_type=\"widget\" data-e-type=\"widget\" data-widget_type=\"text-editor.default\">\n\t\t\t\t\t\t\t\t\t<p>El Papa Le\u00f3n XIV inici\u00f3 este mi\u00e9rcoles, 2 de setiembre, un ciclo de catequesis dedicado a la\u00a0<i><a href=\"https:\/\/www.vatican.va\/archive\/hist_councils\/ii_vatican_council\/documents\/vat-ii_const_19651207_gaudium-et-spes_it.html\" rel=\"external\">Gaudium et spes,<\/a><\/i>\u00a0la constituci\u00f3n pastoral promulgada por el Papa Pablo VI el 7 de diciembre de 1965, con la que el Concilio Vaticano II pretend\u00eda profundizar la relaci\u00f3n de la Iglesia con el mundo contempor\u00e1neo. A bordo del papam\u00f3vil, el pontifice salud\u00f3 a unos 20 mil fieles presentes, que participaron en la audiencia general. Las primeras l\u00edneas del documento conciliar \u2014la Iglesia hace suyas \u00ablas alegr\u00edas y las esperanzas, las tristezas y las angustias de los hombres de hoy, sobre todo de los pobres y de todos los que sufren\u00bb\u2014 son un \u201ccompartir con la humanidad\u201d que es el camino que Cristo pide a la Iglesia, afirm\u00f3.\u00a0<\/p><p style=\"padding-left: 40px;\"><i>Es una entrega que nos llama a salir de toda pasividad e indiferencia ante los acontecimientos que se producen, ante la historia y la vida de las personas, sobre todo ante el cambio r\u00e1pido y profundo que experimentamos hoy.<\/i><\/p><h4><b>Hacerse cargo de las dificultades de los hermanos<\/b><\/h4><p>El Papa Le\u00f3n subray\u00f3 que \u201cno es posible quedarse como espectadores indiferentes; por el contrario, hay que escuchar con el coraz\u00f3n, dejarse interpelar y dejarse involucrar\u201d.<\/p><p style=\"padding-left: 40px;\"><i>Los creyentes est\u00e1n llamados a hacerse cargo de las dificultades de los hermanos, sobre todo de aquellos que se ven oprimidos por la injusticia, por la discriminaci\u00f3n, por la violencia. De hecho, solo a trav\u00e9s de la entrega y en el compromiso es posible llegar a respuestas adecuadas, siempre sostenidos por la certeza de que \u00ablos sufrimientos de ahora no se pueden comparar con la gloria que un d\u00eda se nos manifestar\u00e1\u00bb.<\/i><\/p><h4><b>Desenmascarar las contradicciones<\/b><\/h4><p>En ese sentido, la proximidad hacia la humanidad abre la puerta a una lectura m\u00e1s profunda de los acontecimientos\u00a0 de la propia Revelaci\u00f3n y, en la misma perspectiva, Gaudium et Spes reclama el \u00abdeber permanente de la Iglesia escrutar a fondo los signos de la \u00e9poca e interpretarlos a la luz del Evangelio\u00bb. Esta Constituci\u00f3n conciliar ha llamado, por tanto, a la Iglesia a un compromiso de conversi\u00f3n \u2013 record\u00f3 el Papa\u00a0\u2013 para dar testimonio de que no se mueve por \u00abambici\u00f3n terrena alguna\u00bb, sino que \u00abs\u00f3lo desea una cosa: continuar, bajo la gu\u00eda del Esp\u00edritu, la obra misma de Cristo, quien vino al mundo para dar testimonio de la verdad, para salvar y no para juzgar, para servir y no para ser servido\u00bb<\/p><p style=\"padding-left: 40px;\"><i>No se trata, de hecho, de una disposici\u00f3n simplemente moral. El Papa Francisco nos record\u00f3 que para la Iglesia \u00abla opci\u00f3n por los pobres es una categor\u00eda teol\u00f3gica antes que cultural, sociol\u00f3gica, pol\u00edtica o filos\u00f3fica [\u2026] Estamos llamados a descubrir a Cristo en ellos. La entrega cristiana nos compromete a asumir la realidad y tambi\u00e9n a desenmascarar las contradicciones que caracterizan la vida personal y social del mundo contempor\u00e1neo.<\/i><\/p><h4><b>La guerra para alcanzar la paz<\/b><\/h4><p>Con ejemplos, el Papa Le\u00f3n explic\u00f3 las contradicciones de esta \u00e9poca: \u00abun progreso cient\u00edfico y tecnol\u00f3gico, que ofrece siempre nuevas posibilidades, pero solo a algunos y que no siempre el ser humano es capaz de poner\u00a0 \u00aba su servicio\u00bb; o un conocimiento m\u00e1s claro de las \u00ableyes dela vida social\u00bb, pero acompa\u00f1ado de incertidumbres \u00absobre la direcci\u00f3n que hay que imprimirle\u00bb; o a\u00fan, una mayor disponibilidad de \u00abriquezas, tantas posibilidades, tanto poder econ\u00f3mico\u00bb, y desafortunadamente, hoy como en los tiempos del Concilio, \u00abuna gran parte de la humanidad sufre hambre y miseria\u00bb; o una conciencia compartida de que est\u00e1 en juego el futuro del planeta y al mismo tiempo la incapacidad a renunciar al consumo ego\u00edsta y a la ilusi\u00f3n de que la guerra es una v\u00eda eficaz para construir la paz\u00bb.<\/p><h4>El anuncio del Evangelio para acercarnos a los dem\u00e1s<b><\/b><\/h4><p>De ah\u00ed el llamado al papel de la Iglesia en \u00abuna \u00e9poca marcada por profundos cambios, de los que se derivan desequilibrios preocupantes\u00bb, para servir al ser humano \u00abescuchando y acogiendo los interrogantes m\u00e1s profundos de su coraz\u00f3n y los anhelos que lo habitan, se\u00f1alando en Cristo la clave, el centro y el fin de toda la historia humana\u00bb.<\/p><p style=\"padding-left: 40px;\"><i>Queridos hermanos y hermanas, que la alegr\u00eda y la esperanza \u2013 gaudium et spes \u2013 sean los rasgos distintivos de una Iglesia que anuncia y da testimonio del Evangelio, acerc\u00e1ndose a las mujeres y a los hombres de nuestro tiempo.<\/i><\/p><p>Fuente:<a href=\"https:\/\/www.vaticannews.va\/es\/papa\/news\/2026-09\/papa-leon-catequesis-2-septiembre.html\"> <b>Vatican News<\/b><\/a><\/p>\t\t\t\t\t\t\t\t<\/div>\n\t\t\t\t\t<\/div>\n\t\t\t\t<\/div>\n\t\t<div class=\"elementor-element elementor-element-b9b5e3e e-flex e-con-boxed e-con e-parent\" data-id=\"b9b5e3e\" data-element_type=\"container\" data-e-type=\"container\">\n\t\t\t\t\t<div class=\"e-con-inner\">\n\t\t\t\t<div class=\"elementor-element elementor-element-0c01416 elementor-widget elementor-widget-video\" data-id=\"0c01416\" data-element_type=\"widget\" data-e-type=\"widget\" data-settings=\"{&quot;youtube_url&quot;:&quot;https:\\\/\\\/www.youtube.com\\\/watch?v=wCSXxfekn9s&quot;,&quot;video_type&quot;:&quot;youtube&quot;,&quot;controls&quot;:&quot;yes&quot;}\" data-widget_type=\"video.default\">\n\t\t\t\t\t\t\t<div class=\"elementor-wrapper elementor-open-inline\">\n\t\t\t<div class=\"elementor-video\"><\/div>\t\t<\/div>\n\t\t\t\t\t\t<\/div>\n\t\t\t\t\t<\/div>\n\t\t\t\t<\/div>\n\t\t\t\t<\/div>\n\t\t","protected":false},"excerpt":{"rendered":"<p>El Papa Le\u00f3n XIV inici\u00f3 este mi\u00e9rcoles, 2 de setiembre, un ciclo de catequesis dedicado a la\u00a0Gaudium et spes,\u00a0la constituci\u00f3n pastoral promulgada por el Papa Pablo VI el 7 de<\/p>\n","protected":false},"author":1,"featured_media":24711,"comment_status":"closed","ping_status":"open","sticky":false,"template":"","format":"standard","meta":{"_monsterinsights_skip_tracking":false,"_monsterinsights_sitenote_active":false,"_monsterinsights_sitenote_note":"","_monsterinsights_sitenote_category":0,"footnotes":""},"categories":[22],"tags":[],"class_list":["post-24709","post","type-post","status-publish","format-standard","has-post-thumbnail","hentry","category-internacionales"],"_links":{"self":[{"href":"https:\/\/arquicali.org\/new\/index.php\/wp-json\/wp\/v2\/posts\/24709","targetHints":{"allow":["GET"]}}],"collection":[{"href":"https:\/\/arquicali.org\/new\/index.php\/wp-json\/wp\/v2\/posts"}],"about":[{"href":"https:\/\/arquicali.org\/new\/index.php\/wp-json\/wp\/v2\/types\/post"}],"author":[{"embeddable":true,"href":"https:\/\/arquicali.org\/new\/index.php\/wp-json\/wp\/v2\/users\/1"}],"replies":[{"embeddable":true,"href":"https:\/\/arquicali.org\/new\/index.php\/wp-json\/wp\/v2\/comments?post=24709"}],"version-history":[{"count":7,"href":"https:\/\/arquicali.org\/new\/index.php\/wp-json\/wp\/v2\/posts\/24709\/revisions"}],"predecessor-version":[{"id":24727,"href":"https:\/\/arquicali.org\/new\/index.php\/wp-json\/wp\/v2\/posts\/24709\/revisions\/24727"}],"wp:featuredmedia":[{"embeddable":true,"href":"https:\/\/arquicali.org\/new\/index.php\/wp-json\/wp\/v2\/media\/24711"}],"wp:attachment":[{"href":"https:\/\/arquicali.org\/new\/index.php\/wp-json\/wp\/v2\/media?parent=24709"}],"wp:term":[{"taxonomy":"category","embeddable":true,"href":"https:\/\/arquicali.org\/new\/index.php\/wp-json\/wp\/v2\/categories?post=24709"},{"taxonomy":"post_tag","embeddable":true,"href":"https:\/\/arquicali.org\/new\/index.php\/wp-json\/wp\/v2\/tags?post=24709"}],"curies":[{"name":"wp","href":"https:\/\/api.w.org\/{rel}","templated":true}]}}