{"id":22724,"date":"2026-04-29T15:49:00","date_gmt":"2026-04-29T15:49:00","guid":{"rendered":"https:\/\/arquicali.org\/new\/?p=22724"},"modified":"2026-04-29T15:53:48","modified_gmt":"2026-04-29T15:53:48","slug":"leon-xiv-insta-a-optar-decididamente-por-la-paz-en-colombia","status":"publish","type":"post","link":"https:\/\/arquicali.org\/new\/index.php\/2026\/04\/29\/leon-xiv-insta-a-optar-decididamente-por-la-paz-en-colombia\/","title":{"rendered":"Le\u00f3n XIV insta a optar decididamente por la paz en Colombia"},"content":{"rendered":"\t\t<div data-elementor-type=\"wp-post\" data-elementor-id=\"22724\" class=\"elementor elementor-22724\">\n\t\t\t\t<div class=\"elementor-element elementor-element-7e243c8 e-flex e-con-boxed e-con e-parent\" data-id=\"7e243c8\" data-element_type=\"container\" data-e-type=\"container\">\n\t\t\t\t\t<div class=\"e-con-inner\">\n\t\t\t\t<div class=\"elementor-element elementor-element-5a0766f elementor-widget elementor-widget-text-editor\" data-id=\"5a0766f\" data-element_type=\"widget\" data-e-type=\"widget\" data-widget_type=\"text-editor.default\">\n\t\t\t\t\t\t\t\t\t<p>Un llamado claro y apremiante a la paz reson\u00f3 en las palabras del Papa Le\u00f3n XIV durante la Audiencia General de este mi\u00e9rcoles 29 de abril. Con \u201cdolor y preocupaci\u00f3n\u201d, el Pont\u00edfice se refiri\u00f3 a la dram\u00e1tica situaci\u00f3n de violencia que golpea el suroeste de Colombia, donde una serie de ataques ha provocado graves p\u00e9rdidas de vidas humanas en los \u00faltimos d\u00edas.<\/p><p>Dirigi\u00e9ndose a los peregrinos de lengua espa\u00f1ola, el Obispo de Roma manifest\u00f3 su cercan\u00eda espiritual a las v\u00edctimas y a sus familias, invitando a toda la sociedad a \u201crechazar cualquier forma de violencia y optar decididamente por el camino de la paz\u201d. Un llamamiento que adquiere especial urgencia ante la intensificaci\u00f3n de los enfrentamientos en esta regi\u00f3n del pa\u00eds.<\/p><p>Seg\u00fan informaciones difundidas por las autoridades, desde el pasado 24 de abril se han registrado al menos 26 ataques contra civiles e instalaciones militares, con un saldo de decenas de v\u00edctimas mortales. Entre los episodios m\u00e1s graves, una explosi\u00f3n ocurrida el s\u00e1bado en una carretera entre Cali y Popay\u00e1n dej\u00f3 al menos 21 personas fallecidas, evidenciando el alto nivel de violencia que atraviesa la zona.<\/p><p>El Gobierno colombiano atribuye estos ataques a las denominadas FARC-EMC (Estado Mayor Central), una de las principales disidencias de las antiguas FARC, organizaci\u00f3n que firm\u00f3 el acuerdo de paz de 2016. Este grupo, liderado por N\u00e9stor Vera -conocido como Iv\u00e1n Mordisco-, rechaz\u00f3 en su momento dicho acuerdo y ha mantenido una activa presencia armada, especialmente en los departamentos de Cauca y Valle del Cauca.<\/p><p>En estas regiones, las disputas por el control de rutas del narcotr\u00e1fico y de explotaciones mineras ilegales alimentan un clima de inestabilidad permanente, que golpea con especial dureza a las comunidades locales. Analistas se\u00f1alan que la reciente escalada de violencia podr\u00eda responder a una estrategia del grupo para reafirmar su capacidad operativa e influir en el escenario pol\u00edtico nacional.<\/p><p>Aunque el Gobierno y las FARC-EMC iniciaron conversaciones de paz a finales de 2023, el proceso sufri\u00f3 un duro rev\u00e9s en abril de 2024, cuando una facci\u00f3n se retir\u00f3 de las negociaciones y retom\u00f3 las acciones armadas. Desde entonces, se ha intensificado el uso de m\u00e9todos violentos como ataques con drones, coches bomba, secuestros y extorsiones, aumentando el sufrimiento de la poblaci\u00f3n civil.<\/p><p>En este escenario, los obispos colombianos emitieron un comunicado en el que efectuaron un vehemente llamamiento a los sectores armados, para que cesen inmediatamente todo acto que atente contra la vida y cumplan con los principios del derecho internacional humanitario y traten con humanidad a la poblaci\u00f3n:\u00a0<\/p><div><div class=\"article__embed article__embed--border embed_style\"><h5 style=\"padding-left: 40px;\"><em>\u201cPersistir en la violencia solo profundiza el sufrimiento del pueblo y destruye el tejido social.\u201d<\/em><\/h5><\/div><\/div><p>A su vez, apelaron a las instituciones del Estado a redoblar\u00a0\u00a0sus esfuerzos para garantizar la protecci\u00f3n efectiva de la poblaci\u00f3n, el acceso a bienes esenciales y la presencia integral en los territorios. \u00abLa crisis humanitaria exige respuestas urgentes, coordinadas y sostenibles\u00bb, escribieron. Asimismo, llamaron a todas las comunidades eclesiales a intensificar la oraci\u00f3n por la paz en toda Colombia y a promover acciones concretas de ayuda humanitaria a las poblaciones afectadas.<\/p><p><strong>Fuente:<\/strong> <a href=\"https:\/\/www.vaticannews.va\/es\/papa\/news\/2026-04\/papa-llamamiento-colombia-violencia-audiencia-general.html\">Vatican News<\/a><\/p>\t\t\t\t\t\t\t\t<\/div>\n\t\t\t\t<div class=\"elementor-element elementor-element-5898f2d elementor-widget elementor-widget-video\" data-id=\"5898f2d\" data-element_type=\"widget\" data-e-type=\"widget\" data-settings=\"{&quot;youtube_url&quot;:&quot;https:\\\/\\\/youtu.be\\\/pi8q1oH9n6Y&quot;,&quot;video_type&quot;:&quot;youtube&quot;,&quot;controls&quot;:&quot;yes&quot;}\" data-widget_type=\"video.default\">\n\t\t\t\t\t\t\t<div class=\"elementor-wrapper elementor-open-inline\">\n\t\t\t<div class=\"elementor-video\"><\/div>\t\t<\/div>\n\t\t\t\t\t\t<\/div>\n\t\t\t\t\t<\/div>\n\t\t\t\t<\/div>\n\t\t\t\t<\/div>\n\t\t","protected":false},"excerpt":{"rendered":"<p>Un llamado claro y apremiante a la paz reson\u00f3 en las palabras del Papa Le\u00f3n XIV durante la Audiencia General de este mi\u00e9rcoles 29 de abril. Con \u201cdolor y preocupaci\u00f3n\u201d, el Pont\u00edfice se refiri\u00f3 a la dram\u00e1tica situaci\u00f3n de violencia que golpea el suroeste de Colombia, donde una serie de ataques ha provocado graves p\u00e9rdidas<\/p>\n","protected":false},"author":1,"featured_media":22726,"comment_status":"closed","ping_status":"open","sticky":false,"template":"","format":"standard","meta":{"_monsterinsights_skip_tracking":false,"_monsterinsights_sitenote_active":false,"_monsterinsights_sitenote_note":"","_monsterinsights_sitenote_category":0,"footnotes":""},"categories":[22,21],"tags":[],"class_list":["post-22724","post","type-post","status-publish","format-standard","has-post-thumbnail","hentry","category-internacionales","category-nacionales"],"_links":{"self":[{"href":"https:\/\/arquicali.org\/new\/index.php\/wp-json\/wp\/v2\/posts\/22724","targetHints":{"allow":["GET"]}}],"collection":[{"href":"https:\/\/arquicali.org\/new\/index.php\/wp-json\/wp\/v2\/posts"}],"about":[{"href":"https:\/\/arquicali.org\/new\/index.php\/wp-json\/wp\/v2\/types\/post"}],"author":[{"embeddable":true,"href":"https:\/\/arquicali.org\/new\/index.php\/wp-json\/wp\/v2\/users\/1"}],"replies":[{"embeddable":true,"href":"https:\/\/arquicali.org\/new\/index.php\/wp-json\/wp\/v2\/comments?post=22724"}],"version-history":[{"count":7,"href":"https:\/\/arquicali.org\/new\/index.php\/wp-json\/wp\/v2\/posts\/22724\/revisions"}],"predecessor-version":[{"id":22732,"href":"https:\/\/arquicali.org\/new\/index.php\/wp-json\/wp\/v2\/posts\/22724\/revisions\/22732"}],"wp:featuredmedia":[{"embeddable":true,"href":"https:\/\/arquicali.org\/new\/index.php\/wp-json\/wp\/v2\/media\/22726"}],"wp:attachment":[{"href":"https:\/\/arquicali.org\/new\/index.php\/wp-json\/wp\/v2\/media?parent=22724"}],"wp:term":[{"taxonomy":"category","embeddable":true,"href":"https:\/\/arquicali.org\/new\/index.php\/wp-json\/wp\/v2\/categories?post=22724"},{"taxonomy":"post_tag","embeddable":true,"href":"https:\/\/arquicali.org\/new\/index.php\/wp-json\/wp\/v2\/tags?post=22724"}],"curies":[{"name":"wp","href":"https:\/\/api.w.org\/{rel}","templated":true}]}}