{"id":22528,"date":"2026-04-27T13:33:33","date_gmt":"2026-04-27T13:33:33","guid":{"rendered":"https:\/\/arquicali.org\/new\/?p=22528"},"modified":"2026-04-28T16:09:21","modified_gmt":"2026-04-28T16:09:21","slug":"iglesia-en-colombia-traza-prioridades-para-la-pastoral-social-ante-la-pobreza-la-exclusion-y-otros-desafios-sociales","status":"publish","type":"post","link":"https:\/\/arquicali.org\/new\/index.php\/2026\/04\/27\/iglesia-en-colombia-traza-prioridades-para-la-pastoral-social-ante-la-pobreza-la-exclusion-y-otros-desafios-sociales\/","title":{"rendered":"Iglesia en Colombia traza prioridades para la Pastoral Social ante la pobreza, la exclusi\u00f3n y otros desaf\u00edos sociales"},"content":{"rendered":"\t\t<div data-elementor-type=\"wp-post\" data-elementor-id=\"22528\" class=\"elementor elementor-22528\">\n\t\t\t\t<div class=\"elementor-element elementor-element-0bf8edb e-flex e-con-boxed e-con e-parent\" data-id=\"0bf8edb\" data-element_type=\"container\" data-e-type=\"container\">\n\t\t\t\t\t<div class=\"e-con-inner\">\n\t\t\t\t<div class=\"elementor-element elementor-element-03019c3 elementor-widget elementor-widget-text-editor\" data-id=\"03019c3\" data-element_type=\"widget\" data-e-type=\"widget\" data-widget_type=\"text-editor.default\">\n\t\t\t\t\t\t\t\t\t<p>Del 21 al 23 de abril, 60 directores, directoras y delegados de las pastorales sociales de las jurisdicciones eclesi\u00e1sticas de Colombia se reunieron en Bogot\u00e1. El objetivo del encuentro fue articularse como equipos de trabajo y vincular a los equipos nacionales en torno a las realidades sociales, pastorales y territoriales del pa\u00eds.<\/p><h4><strong>Orientaciones de los obispos para el discernimiento pastoral<\/strong><\/h4><p><strong>Monse\u00f1or Juan Carlos Barreto Barreto, obispo de Soacha y presidente de la Comisi\u00f3n Episcopal de Pastoral Social<\/strong>, invit\u00f3 a recordar los siete objetivos del\u00a0<a href=\"https:\/\/www.vatican.va\/content\/francesco\/es\/encyclicals\/documents\/papa-francesco_20150524_enciclica-laudato-si.html\"><em><strong>Laudato S\u00ed<\/strong><\/em><\/a>: escuchar el grito de la tierra y el grito de los pobres, educaci\u00f3n ecol\u00f3gica, econom\u00eda ecol\u00f3gica, espiritualidad ecol\u00f3gica, estilo de vida sostenible y empoderamiento de las comunidades. Se\u00f1al\u00f3 que la teolog\u00eda de la creaci\u00f3n no ha sido suficientemente incorporada en los procesos formativos, y que muchas comunidades a\u00fan consideran que estos temas no son espirituales o religiosos. Destac\u00f3 que la\u00a0<a href=\"https:\/\/www.vatican.va\/content\/francesco\/es\/apost_exhortations\/documents\/20231004-laudate-deum.html\"><em><strong>Laudate Deum<\/strong><\/em>\u00a0<\/a>es un grito urgente ante un momento cr\u00edtico para la humanidad. Subray\u00f3\u00a0<strong>la necesidad de integrar el sentido de fe, el sentido cr\u00edtico y la territorialidad.<\/strong><\/p><p><strong>Monse\u00f1or Rub\u00e9n Dar\u00edo Jaramillo Montoya, obispo de Monter\u00eda y tambi\u00e9n miembro de esta comisi\u00f3n episcopal, <\/strong>record\u00f3 que la Iglesia tiene que cuidar la vida como algo sagrado porque es de Dios. Se\u00f1al\u00f3 que, en este trabajo, tambi\u00e9n hay que reconocer el dolor de quienes han sido v\u00edctimas, as\u00ed como el hecho de que muchos victimarios tambi\u00e9n han sido v\u00edctimas, en una cadena que se ha ido ampliando. Puso el foco en la afectaci\u00f3n a los j\u00f3venes y afirm\u00f3 que Colombia tiene posibilidades para construir caminos de vida, y que la Iglesia tiene la clave.\u00a0<strong>Su llamado fue a poner la vida como eje central de la misi\u00f3n.<\/strong><\/p><p>El <strong>padre Arturo Arrieta Aguas, director de la Pastoral Social de la Di\u00f3cesis de Palmira<\/strong>, tambi\u00e9n desde su experiencia en la\u00a0<a href=\"https:\/\/redclamor.org\/\">Red Clamor<\/a>, record\u00f3 que las personas en movilidad humana no son cifras, sino rostros, historias y trayectorias marcadas por m\u00faltiples formas de violencia y resistencia.\u00a0<strong>Se\u00f1al\u00f3 la necesidad de superar las ideolog\u00edas y que la Iglesia debe ser una fuerza transformadora que exija justicia, cuidado de la casa com\u00fan y conversi\u00f3n ecol\u00f3gica.<\/strong><\/p><h4><strong>Diagn\u00f3stico regional y desaf\u00edos comunes<\/strong><\/h4><p>El trabajo por regiones permiti\u00f3 identificar desaf\u00edos sociales y retos pastorales compartidos. En la <strong>regi\u00f3n Caribe y en Cundiboyacense\u00a0<\/strong>se se\u00f1alaron problem\u00e1ticas como la inseguridad, la presencia de grupos armados en varios territorios, la pobreza multidimensional, la presencia significativa de poblaci\u00f3n migrante, el aumento de habitantes de calle, las dificultades en salud mental -especialmente en j\u00f3venes y adultos mayores- y los problemas derivados de modelos de desarrollo que generan exclusi\u00f3n y desigualdad.<\/p><h4><strong>Entre los desaf\u00edos sociales de contexto acordados a nivel nacional se destacaron:<\/strong><\/h4><p style=\"padding-left: 40px;\">1.\u00a0\u00a0\u00a0\u00a0Fragilidad en el tejido social y crisis humana.<br \/>2.\u00a0\u00a0\u00a0\u00a0Problemas en la aplicaci\u00f3n de los modelos de desarrollo que generan exclusi\u00f3n y desigualdad social.<br \/>3.\u00a0\u00a0\u00a0\u00a0D\u00e9bil articulaci\u00f3n, conocimiento y respuesta institucional que ha generado asistencialismo.<\/p><h4><strong>Principales retos pastorales identificados:\u00a0<\/strong><\/h4><p style=\"padding-left: 40px;\">1.\u00a0\u00a0\u00a0\u00a0Fortalecer el liderazgo pastoral y la gobernanza para la acci\u00f3n social y territorial. Se reconoci\u00f3 una necesidad de fortalecimiento en Doctrina Social de la Iglesia y Desarrollo Humano Integral, as\u00ed como debilidades en la formaci\u00f3n sacerdotal y en los seminarios.<br \/>2.\u00a0\u00a0\u00a0\u00a0Renovar las metodolog\u00edas para articular teor\u00edas y pr\u00e1cticas en contexto, aportando al desarrollo humano integral. Se se\u00f1al\u00f3 la necesidad de superar el asistencialismo y avanzar hacia procesos de dignificaci\u00f3n.<br \/>3.\u00a0\u00a0\u00a0\u00a0Consolidar la articulaci\u00f3n al interior y por fuera de la Pastoral Social, pensando desde \u00abproceso\u00bb y no desde actividades aisladas.<\/p><h4><strong>Experiencias significativas<\/strong><\/h4><p>Se compartieron experiencias pastorales que est\u00e1n dando resultados reales. En la <strong>regi\u00f3n Caribe<\/strong>, se destac\u00f3 el trabajo con bancos de alimentos articulados a comedores comunitarios y procesos de formaci\u00f3n para mujeres. En la\u00a0<strong>regi\u00f3n Cundiboyacense<\/strong>, se destacaron experiencias en bancos de alimentos, formaci\u00f3n de l\u00edderes, procesos de arte y cultura con ni\u00f1os y j\u00f3venes, y acompa\u00f1amiento a poblaci\u00f3n migrante.<\/p><p>Un aprendizaje transversal fue que los bancos de alimentos, la formaci\u00f3n de l\u00edderes y los procesos de desarrollo humano funcionan mejor cuando se conciben como procesos integrales, y que requieren respaldo diocesano expl\u00edcito y formaci\u00f3n permanente.<\/p><h4><strong>Prioridades para el trabajo nacional<\/strong><\/h4><p>El encuentro defini\u00f3 tres prioridades para el trabajo articulado de la Pastoral Social en Colombia:<\/p><p style=\"padding-left: 40px;\">1.\u00a0\u00a0\u00a0\u00a0Animaci\u00f3n y acompa\u00f1amiento permanente del Secretariado Nacional al trabajo de las provincias eclesi\u00e1sticas, priorizando la agenda nacional y atendiendo las necesidades de las provincias.<br \/>2.\u00a0\u00a0\u00a0\u00a0Los bancos de alimentos son experiencias con resultados tangibles que requieren articulaci\u00f3n desde lo nacional para su impacto y fortalecimiento.<br \/>3.\u00a0\u00a0\u00a0\u00a0Procesos de acompa\u00f1amiento a ni\u00f1as, ni\u00f1os y j\u00f3venes desde el desarrollo humano integral, a trav\u00e9s de huertas, artes, danzas, m\u00fasica y educaci\u00f3n.<\/p><h4><strong>Discernimiento sobre la identidad de la Pastoral Social<\/strong><\/h4><p>En el momento \u00abJuzgar\u00bb, inspirado en la <a href=\"http:\/\/www.vatican.va\/content\/leo-xiv\/es\/apost_exhortations\/documents\/20251004-dilexi-te.html\"><em><strong>Dilexi te<\/strong><\/em><\/a>, los participantes reflexionaron sobre si la Pastoral Social est\u00e1 directamente vinculada con el evangelio, sobre si todav\u00eda se sabe escuchar a los pobres.<\/p><p><strong>Se defini\u00f3 colectivamente la identidad de la Pastoral Social: <\/strong><em>son quienes promueven el desarrollo integral a la luz del Evangelio y la Doctrina Social de la Iglesia con enfoque social; son la predicaci\u00f3n del Evangelio con acciones concretas en las heridas de las comunidades; son un puente misericordioso por el cual el Evangelio llega a las personas en medio de sus situaciones.<\/em><\/p><p>La frase s\u00edntesis del encuentro fue: <em><strong>\u00abSomos la predicaci\u00f3n del Evangelio con acciones concretas en las heridas de nuestras comunidades que sana y salva\u00bb.<\/strong><\/em><\/p><h4><strong>Lo que viene<\/strong><\/h4><p>El encuentro permiti\u00f3 consolidar acuerdos para avanzar en una articulaci\u00f3n efectiva entre el Secretariado Nacional y las jurisdicciones eclesi\u00e1sticas, con prioridades claras y un horizonte de trabajo centrado en el desarrollo humano integral, el cuidado de la casa com\u00fan y el acompa\u00f1amiento a las poblaciones m\u00e1s vulnerables. Durante este 2026, en el que se <strong>conmemoran los 70 a\u00f1os de C\u00e1ritas Colombiana<\/strong>, la invitaci\u00f3n es a renovar la identidad y misi\u00f3n de la Pastoral Social al servicio de las comunidades.\u00a0<\/p><p><strong>Fuente:<\/strong> <a href=\"https:\/\/www.cec.org.co\/sistema-informativo\/actualidad\/iglesia-en-colombia-traza-prioridades-para-la-pastoral-social-ante\">Conferencia Episcopal de Colombia<\/a><\/p>\t\t\t\t\t\t\t\t<\/div>\n\t\t\t\t\t<\/div>\n\t\t\t\t<\/div>\n\t\t\t\t<\/div>\n\t\t","protected":false},"excerpt":{"rendered":"<p>Del 21 al 23 de abril, 60 directores, directoras y delegados de las pastorales sociales de las jurisdicciones eclesi\u00e1sticas de Colombia se reunieron en Bogot\u00e1. El objetivo del encuentro fue articularse como equipos de trabajo y vincular a los equipos nacionales en torno a las realidades sociales, pastorales y territoriales del pa\u00eds. Orientaciones de los<\/p>\n","protected":false},"author":2,"featured_media":22530,"comment_status":"closed","ping_status":"open","sticky":false,"template":"","format":"standard","meta":{"_monsterinsights_skip_tracking":false,"_monsterinsights_sitenote_active":false,"_monsterinsights_sitenote_note":"","_monsterinsights_sitenote_category":0,"footnotes":""},"categories":[20,21],"tags":[],"class_list":["post-22528","post","type-post","status-publish","format-standard","has-post-thumbnail","hentry","category-locales","category-nacionales"],"_links":{"self":[{"href":"https:\/\/arquicali.org\/new\/index.php\/wp-json\/wp\/v2\/posts\/22528","targetHints":{"allow":["GET"]}}],"collection":[{"href":"https:\/\/arquicali.org\/new\/index.php\/wp-json\/wp\/v2\/posts"}],"about":[{"href":"https:\/\/arquicali.org\/new\/index.php\/wp-json\/wp\/v2\/types\/post"}],"author":[{"embeddable":true,"href":"https:\/\/arquicali.org\/new\/index.php\/wp-json\/wp\/v2\/users\/2"}],"replies":[{"embeddable":true,"href":"https:\/\/arquicali.org\/new\/index.php\/wp-json\/wp\/v2\/comments?post=22528"}],"version-history":[{"count":7,"href":"https:\/\/arquicali.org\/new\/index.php\/wp-json\/wp\/v2\/posts\/22528\/revisions"}],"predecessor-version":[{"id":22626,"href":"https:\/\/arquicali.org\/new\/index.php\/wp-json\/wp\/v2\/posts\/22528\/revisions\/22626"}],"wp:featuredmedia":[{"embeddable":true,"href":"https:\/\/arquicali.org\/new\/index.php\/wp-json\/wp\/v2\/media\/22530"}],"wp:attachment":[{"href":"https:\/\/arquicali.org\/new\/index.php\/wp-json\/wp\/v2\/media?parent=22528"}],"wp:term":[{"taxonomy":"category","embeddable":true,"href":"https:\/\/arquicali.org\/new\/index.php\/wp-json\/wp\/v2\/categories?post=22528"},{"taxonomy":"post_tag","embeddable":true,"href":"https:\/\/arquicali.org\/new\/index.php\/wp-json\/wp\/v2\/tags?post=22528"}],"curies":[{"name":"wp","href":"https:\/\/api.w.org\/{rel}","templated":true}]}}