{"id":22521,"date":"2026-04-27T15:38:29","date_gmt":"2026-04-27T15:38:29","guid":{"rendered":"https:\/\/arquicali.org\/new\/?p=22521"},"modified":"2026-04-28T15:49:03","modified_gmt":"2026-04-28T15:49:03","slug":"ante-crisis-humanitaria-en-varias-regiones-conferencia-episcopal-de-colombia-hace-llamado-urgente-nada-justifica-la-violencia","status":"publish","type":"post","link":"https:\/\/arquicali.org\/new\/index.php\/2026\/04\/27\/ante-crisis-humanitaria-en-varias-regiones-conferencia-episcopal-de-colombia-hace-llamado-urgente-nada-justifica-la-violencia\/","title":{"rendered":"Ante crisis humanitaria en varias regiones, Conferencia Episcopal de Colombia hace llamado urgente: \u201cNada justifica la violencia\u201d"},"content":{"rendered":"\t\t<div data-elementor-type=\"wp-post\" data-elementor-id=\"22521\" class=\"elementor elementor-22521\">\n\t\t\t\t<div class=\"elementor-element elementor-element-662325a e-flex e-con-boxed e-con e-parent\" data-id=\"662325a\" data-element_type=\"container\" data-e-type=\"container\">\n\t\t\t\t\t<div class=\"e-con-inner\">\n\t\t\t\t<div class=\"elementor-element elementor-element-958a4a9 elementor-widget elementor-widget-text-editor\" data-id=\"958a4a9\" data-element_type=\"widget\" data-e-type=\"widget\" data-widget_type=\"text-editor.default\">\n\t\t\t\t\t\t\t\t\t<p>La\u00a0<strong>Conferencia Episcopal de Colombia (CEC)<\/strong>, a trav\u00e9s de su Comunidad de Presidencia, expresa su profundo\u00a0<strong>dolor, consternaci\u00f3n y preocupaci\u00f3n<\/strong>\u00a0ante el\u00a0<strong>recrudecimiento de la violencia y la crisis humanitaria\u00a0<\/strong>que afectan a departamentos como<strong>\u00a0Huila, Cauca, Valle del Cauca, Nari\u00f1o y Meta.<\/strong><\/p><p>En el<a href=\"https:\/\/www.cec.org.co\/sites\/default\/files\/2026-04\/Comunicado%20CEC%20-%20Recrudecimiento%20de%20la%20violencia%20en%20Colombia.pdf\">\u00a0<strong>comunicado<\/strong><\/a>, los obispos rechazan los recientes hechos que han cobrado vidas humanas y dejado m\u00faltiples personas heridas, incluyendo poblaci\u00f3n civil, l\u00edderes sociales y comunidades vulnerables. Estos hechos, advierten,<em>\u00a0\u201chieren la dignidad humana y quebrantan el derecho fundamental a la vida\u201d .<\/em><\/p><h4><strong>Rechazo a la violencia y defensa de la vida<\/strong><\/h4><p>El <a href=\"https:\/\/www.cec.org.co\/sites\/default\/files\/2026-04\/Comunicado%20CEC%20-%20Recrudecimiento%20de%20la%20violencia%20en%20Colombia.pdf\">mensaje\u00a0<\/a>reitera que\u00a0<em>\u201cnada justifica la violencia\u201d<\/em>\u00a0y advierte que toda acci\u00f3n armada contra la poblaci\u00f3n civil constituye\u00a0<em>\u201cuna grave ofensa a Dios y una ruptura del orden moral y social\u201d<\/em>. En esa misma l\u00ednea, subraya que\u00a0<em>\u201cla vida humana es sagrada y debe ser protegida en toda circunstancia\u201d .<\/em><\/p><p>Asimismo, expresa su cercan\u00eda con las v\u00edctimas, sus familias y las comunidades afectadas \u2014especialmente ind\u00edgenas, afrodescendientes y campesinas\u2014, y reafirma su compromiso de acompa\u00f1ar su dolor y ser presencia de esperanza en medio de la adversidad.<\/p><h4><strong>Llamados urgentes: actores armados, Estado y sociedad<\/strong><\/h4><p>En el <a href=\"https:\/\/www.cec.org.co\/sites\/default\/files\/2026-04\/Comunicado%20CEC%20-%20Recrudecimiento%20de%20la%20violencia%20en%20Colombia.pdf\">comunicado<\/a>, los obispos exhortan a quienes promueven y ejecutan acciones violentas a\u00a0<em>\u201ccesar inmediatamente todo acto que atente contra la vida\u201d<\/em>\u00a0y a actuar conforme a los principios del derecho internacional humanitario . Tambi\u00e9n advierten que persistir en la violencia\u00a0<em>\u201csolo profundiza el sufrimiento del pueblo y destruye el tejido social\u201d.<\/em><\/p><p>De igual forma, instan a las autoridades a redoblar esfuerzos para garantizar la protecci\u00f3n de la poblaci\u00f3n, el acceso a bienes esenciales y una presencia integral en los territorios. A la sociedad en general, le recuerdan la necesidad de no caer en la indiferencia y de <em>\u201corganizar la solidaridad y construir caminos de reconciliaci\u00f3n\u201d.<\/em><\/p><p>Los obispos enfatizan que \u00abla crisis humanitaria exige respuestas urgentes, coordinadas y sostenibles\u00bb.\u00a0<\/p><h4><strong>Oraci\u00f3n, esperanza y acci\u00f3n desde las comunidades<\/strong><\/h4><p>El <a href=\"https:\/\/www.cec.org.co\/sites\/default\/files\/2026-04\/Comunicado%20CEC%20-%20Recrudecimiento%20de%20la%20violencia%20en%20Colombia.pdf\">comunicado<\/a>\u00a0convoca a intensificar la oraci\u00f3n por la paz en Colombia y a promover acciones concretas de ayuda humanitaria en favor de las poblaciones afectadas.<\/p><p>Este pronunciamiento emitido por la Presidencia de la Conferencia Episcopal de Colombia <a href=\"https:\/\/www.cec.org.co\/sistema-informativo\/actualidad\/violencia-en-cauca-y-valle-arzobispos-de-cali-y-popayan-piden\"><strong>se suma a los llamados realizados desde distintas regiones del pa\u00eds por obispos como los de Cali y Popay\u00e1n<\/strong><\/a>, articulando una voz com\u00fan que insiste en la defensa de la vida y en la urgencia de responder, desde todos los sectores, a la crisis humanitaria que vive el pa\u00eds.<\/p><p><strong>Fuente:<\/strong> <a href=\"https:\/\/www.cec.org.co\/sistema-informativo\/actualidad\/ante-crisis-humanitaria-en-varias-regiones-conferencia-episcopal-de\">Conferencia Episcopal de Colombia<\/a><\/p>\t\t\t\t\t\t\t\t<\/div>\n\t\t\t\t<div class=\"elementor-element elementor-element-cb43dfb elementor-widget elementor-widget-button\" data-id=\"cb43dfb\" data-element_type=\"widget\" data-e-type=\"widget\" data-widget_type=\"button.default\">\n\t\t\t\t\t\t\t\t\t\t<a class=\"elementor-button elementor-button-link elementor-size-sm\" href=\"https:\/\/arquicali.org\/new\/wp-content\/uploads\/2026\/04\/Comunicado-CEC-Recrudecimiento-de-la-violencia-en-Colombia.pdf\">\n\t\t\t\t\t\t<span class=\"elementor-button-content-wrapper\">\n\t\t\t\t\t\t\t\t\t<span class=\"elementor-button-text\">Ver Comunicado CEC - Recrudecimiento de la violencia en Colombia<\/span>\n\t\t\t\t\t<\/span>\n\t\t\t\t\t<\/a>\n\t\t\t\t\t\t\t\t<\/div>\n\t\t\t\t\t<\/div>\n\t\t\t\t<\/div>\n\t\t\t\t<\/div>\n\t\t","protected":false},"excerpt":{"rendered":"<p>La\u00a0Conferencia Episcopal de Colombia (CEC), a trav\u00e9s de su Comunidad de Presidencia, expresa su profundo\u00a0dolor, consternaci\u00f3n y preocupaci\u00f3n\u00a0ante el\u00a0recrudecimiento de la violencia y la crisis humanitaria\u00a0que afectan a departamentos como\u00a0Huila, Cauca, Valle del Cauca, Nari\u00f1o y Meta. En el\u00a0comunicado, los obispos rechazan los recientes hechos que han cobrado vidas humanas y dejado m\u00faltiples personas heridas,<\/p>\n","protected":false},"author":2,"featured_media":22523,"comment_status":"closed","ping_status":"open","sticky":false,"template":"","format":"standard","meta":{"_monsterinsights_skip_tracking":false,"_monsterinsights_sitenote_active":false,"_monsterinsights_sitenote_note":"","_monsterinsights_sitenote_category":0,"footnotes":""},"categories":[20,21],"tags":[],"class_list":["post-22521","post","type-post","status-publish","format-standard","has-post-thumbnail","hentry","category-locales","category-nacionales"],"_links":{"self":[{"href":"https:\/\/arquicali.org\/new\/index.php\/wp-json\/wp\/v2\/posts\/22521","targetHints":{"allow":["GET"]}}],"collection":[{"href":"https:\/\/arquicali.org\/new\/index.php\/wp-json\/wp\/v2\/posts"}],"about":[{"href":"https:\/\/arquicali.org\/new\/index.php\/wp-json\/wp\/v2\/types\/post"}],"author":[{"embeddable":true,"href":"https:\/\/arquicali.org\/new\/index.php\/wp-json\/wp\/v2\/users\/2"}],"replies":[{"embeddable":true,"href":"https:\/\/arquicali.org\/new\/index.php\/wp-json\/wp\/v2\/comments?post=22521"}],"version-history":[{"count":7,"href":"https:\/\/arquicali.org\/new\/index.php\/wp-json\/wp\/v2\/posts\/22521\/revisions"}],"predecessor-version":[{"id":22536,"href":"https:\/\/arquicali.org\/new\/index.php\/wp-json\/wp\/v2\/posts\/22521\/revisions\/22536"}],"wp:featuredmedia":[{"embeddable":true,"href":"https:\/\/arquicali.org\/new\/index.php\/wp-json\/wp\/v2\/media\/22523"}],"wp:attachment":[{"href":"https:\/\/arquicali.org\/new\/index.php\/wp-json\/wp\/v2\/media?parent=22521"}],"wp:term":[{"taxonomy":"category","embeddable":true,"href":"https:\/\/arquicali.org\/new\/index.php\/wp-json\/wp\/v2\/categories?post=22521"},{"taxonomy":"post_tag","embeddable":true,"href":"https:\/\/arquicali.org\/new\/index.php\/wp-json\/wp\/v2\/tags?post=22521"}],"curies":[{"name":"wp","href":"https:\/\/api.w.org\/{rel}","templated":true}]}}